{"id":2807,"date":"2025-11-19T22:38:00","date_gmt":"2025-11-19T22:38:00","guid":{"rendered":"https:\/\/learningnorth.com\/cdcd8c4f-1f70-4189-8918-02d90e78acb4\/"},"modified":"2025-11-19T22:38:59","modified_gmt":"2025-11-19T22:38:59","slug":"cdcd8c4f-1f70-4189-8918-02d90e78acb4","status":"publish","type":"post","link":"https:\/\/learningnorth.com\/de\/cdcd8c4f-1f70-4189-8918-02d90e78acb4\/","title":{"rendered":"Vaga de Auxiliar de Servi\u00e7os Gerais \u2014 Sal\u00e1rio, CLT e Benef\u00edcios em Destaque"},"content":{"rendered":"<div class=\"mx-5 sm:mx-0 prose text-left mb-5\">\n<\/p>\n<div style=\"background: #ffffff; border-radius: 12px; box-shadow: 0 10px 30px rgba(0, 0, 0, 0.1); width: 100%; max-width: 340px; padding: 25px; transition: transform 0.3s ease-in-out; overflow: visible; display: flex; flex-direction: column; position: relative; border: 1px solid #28a745; margin-top: 70px; margin-bottom: 50px; margin-left: auto; margin-right: auto;\">\n<div style=\"position: absolute; top: -35px; right: 15px; color: #28a745; padding: 5px 10px; border-radius: 6px; font-size: 14px; font-weight: bold; display: flex; align-items: center; z-index: 10;\">F\u00fcr Sie empfohlen<\/div>\n<div data-namespace-header=\"\" style=\"\">\n<h3 data-namespace-title=\"\" style=\"color: #333; font-size: 20px; font-weight: bold; text-align: left; margin-right: 50px; min-height: 50px; margin-top: 0px;\">Sachbearbeiter\/in f\u00fcr allgemeine Dienstleistungen<\/h3>\n<\/p><\/div>\n<p data-namespace-prompt=\"\" style=\"font-size: 16px; color: #666; margin-bottom: 20px; line-height: 1.5; flex-grow: 1; text-align: left; margin-top: 0px;\">O cargo oferece ambiente CLT, benef\u00edcios como vale-transporte e refei\u00e7\u00e3o. Exige experi\u00eancia em limpeza, organiza\u00e7\u00e3o e f\u00e1cil acesso ao local.<\/p>\n<p>    <a data-namespace-url=\"\" href=\"https:\/\/learningnorth.com\/de\/redirect\/?https:\/\/www.catho.com.br\/vagas\/auxiliar-de-servicos-gerais-limpeza-taruma-am\/33235409\/?utm_campaign=google_jobs_apply&#038;utm_source=google_jobs_apply&#038;utm_medium=organic\" style=\"width: 100%; display: inline-block; color: white; text-decoration: none; border-radius: 6px; font-size: 16px; font-weight: bold; text-align: center; transition: transform 0.3s ease, background 0.3s ease; margin-top: auto;\" data-namespace-id=\"5c0d2565-3ba9-4280-a382-ad2a691e2285\"><br \/>\n        <button style=\"width: 100%; height: 55px; background: #e9e9ed; border: 1px solid black; color: black;\">Jetzt bewerben<\/button><br \/>\n    <\/a><br \/>\n    <small style=\"margin-top: 10px; color: #777; font-size: 12px; text-align: center; display: block;\">Sie werden auf eine andere Website weitergeleitet.<\/small>\n<\/div>\n<h2>Oportunidade de Auxiliar de Servi\u00e7os Gerais: Resumo da Vaga<\/h2>\n<p>O cargo de Auxiliar de Servi\u00e7os Gerais apresenta sal\u00e1rio compat\u00edvel com a categoria e contrata\u00e7\u00e3o no regime CLT, garantindo estabilidade e direitos trabalhistas. Quem se destaca nesta vaga conta ainda com benef\u00edcios como t\u00edquete refei\u00e7\u00e3o, cesta b\u00e1sica e vale-transporte, com jornada de segunda a sexta-feira, das 7h \u00e0s 17h. O perfil desejado exige experi\u00eancia pr\u00e9via em limpeza, organiza\u00e7\u00e3o e dilui\u00e7\u00e3o de produtos, al\u00e9m de acesso f\u00e1cil ao local de trabalho. Para profissionais que buscam recoloca\u00e7\u00e3o no mercado, a vaga oferece um caminho seguro para o desenvolvimento na \u00e1rea.<\/p>\n<h2>Atividades e Rotina no Dia a Dia<\/h2>\n<p>No dia a dia, o colaborador realiza limpeza completa de ambientes internos e externos, al\u00e9m de banheiros e salas. A fun\u00e7\u00e3o exige tratamento de pisos e higieniza\u00e7\u00e3o de vidros, garantindo organiza\u00e7\u00e3o e harmonia do espa\u00e7o. \u00c9 necess\u00e1rio diluir produtos de limpeza conforme procedimentos definidos e manter o controle dos materiais, incluindo informar a necessidade de reposi\u00e7\u00e3o. O cumprimento dos hor\u00e1rios e o zelo pelo ambiente s\u00e3o fundamentais para a rotina. O profissional contribui diretamente para o bem-estar e funcionamento do local, sendo pe\u00e7a-chave para uma estrutura limpa.<\/p>\n<h2>Positive Aspekte der Position<\/h2>\n<p>Um dos diferenciais \u00e9 a seguran\u00e7a do regime CLT, que oferece garantias legais ao trabalhador. Al\u00e9m disso, benef\u00edcios como vale-transporte e refei\u00e7\u00e3o estimulam o bem-estar financeiro e suporte no dia a dia. O hor\u00e1rio fixo permite melhor organiza\u00e7\u00e3o pessoal, sem necessidade de escalas flex\u00edveis. O ambiente de trabalho valoriza a experi\u00eancia pr\u00e9via, promovendo o reconhecimento do profissional. Por fim, a atua\u00e7\u00e3o direta na manuten\u00e7\u00e3o do ambiente contribui para a valoriza\u00e7\u00e3o da fun\u00e7\u00e3o.<\/p>\n<h2>Zu ber\u00fccksichtigende Aspekte<\/h2>\n<p>Apesar das vantagens, a rotina di\u00e1ria demanda bastante esfor\u00e7o f\u00edsico, especialmente nas limpezas e tratamentos de piso. A exposi\u00e7\u00e3o constante a produtos qu\u00edmicos tamb\u00e9m requer aten\u00e7\u00e3o redobrada no manuseio. Outro ponto \u00e9 a necessidade de residir pr\u00f3ximo ou ter f\u00e1cil acesso ao local para n\u00e3o comprometer o trajeto di\u00e1rio. O trabalho pode ser repetitivo e exige disciplina, tornando-se desafiador para quem busca muita variedade de fun\u00e7\u00f5es.<\/p>\n<h2>Endg\u00fcltiges Urteil<\/h2>\n<p>A posi\u00e7\u00e3o de Auxiliar de Servi\u00e7os Gerais \u00e9 indicada para profissionais respons\u00e1veis e organizados, em busca de seguran\u00e7a financeira e ambiente estruturado. Com benef\u00edcios s\u00f3lidos e jornada est\u00e1vel, compensa para quem valoriza estabilidade e rotina definida. Considerando as caracter\u00edsticas e exig\u00eancias, esta pode ser uma oportunidade interessante para quem deseja crescer na \u00e1rea de servi\u00e7os gerais.<\/p>\n<div style=\"background: #ffffff; border-radius: 12px; box-shadow: 0 10px 30px rgba(0, 0, 0, 0.1); width: 100%; max-width: 340px; padding: 25px; transition: transform 0.3s ease-in-out; overflow: visible; display: flex; flex-direction: column; position: relative; border: 1px solid #28a745; margin-top: 70px; margin-bottom: 50px; margin-left: auto; margin-right: auto;\">\n<div style=\"position: absolute; top: -35px; right: 15px; color: #28a745; padding: 5px 10px; border-radius: 6px; font-size: 14px; font-weight: bold; display: flex; align-items: center; z-index: 10;\">F\u00fcr Sie empfohlen<\/div>\n<div data-namespace-header=\"\" style=\"\">\n<h3 data-namespace-title=\"\" style=\"color: #333; font-size: 20px; font-weight: bold; text-align: left; margin-right: 50px; min-height: 50px; margin-top: 0px;\">Sachbearbeiter\/in f\u00fcr allgemeine Dienstleistungen<\/h3>\n<\/p><\/div>\n<p data-namespace-prompt=\"\" style=\"font-size: 16px; color: #666; margin-bottom: 20px; line-height: 1.5; flex-grow: 1; text-align: left; margin-top: 0px;\">O cargo oferece ambiente CLT, benef\u00edcios como vale-transporte e refei\u00e7\u00e3o. Exige experi\u00eancia em limpeza, organiza\u00e7\u00e3o e f\u00e1cil acesso ao local.<\/p>\n<p>    <a data-namespace-url=\"\" href=\"https:\/\/learningnorth.com\/de\/redirect\/?https:\/\/www.catho.com.br\/vagas\/auxiliar-de-servicos-gerais-limpeza-taruma-am\/33235409\/?utm_campaign=google_jobs_apply&#038;utm_source=google_jobs_apply&#038;utm_medium=organic\" style=\"width: 100%; display: inline-block; color: white; text-decoration: none; border-radius: 6px; font-size: 16px; font-weight: bold; text-align: center; transition: transform 0.3s ease, background 0.3s ease; margin-top: auto;\" data-namespace-id=\"5c0d2565-3ba9-4280-a382-ad2a691e2285\"><br \/>\n        <button style=\"width: 100%; height: 55px; background: #e9e9ed; border: 1px solid black; color: black;\">Jetzt bewerben<\/button><br \/>\n    <\/a><br \/>\n    <small style=\"margin-top: 10px; color: #777; font-size: 12px; text-align: center; display: block;\">Sie werden auf eine andere Website weitergeleitet.<\/small>\n<\/div>\n<\/div>","protected":false},"excerpt":{"rendered":"<p>Veja os detalhes da vaga de Auxiliar de Servi\u00e7os Gerais: contrata\u00e7\u00e3o CLT, benef\u00edcios, jornada fixa e requisitos. Descubra se esta oportunidade combina com seu perfil profissional!<\/p>","protected":false},"author":3,"featured_media":0,"comment_status":"open","ping_status":"open","sticky":false,"template":"","format":"standard","meta":{"footnotes":""},"categories":[3],"tags":[],"yoast_head":"<!-- This site is optimized with the Yoast SEO plugin v23.3 - https:\/\/yoast.com\/wordpress\/plugins\/seo\/ -->\n<title>Vaga de Auxiliar de Servi\u00e7os Gerais \u2014 Sal\u00e1rio, CLT e Benef\u00edcios em Destaque - Learning North<\/title>\n<meta name=\"robots\" content=\"index, follow, max-snippet:-1, max-image-preview:large, max-video-preview:-1\" \/>\n<link rel=\"canonical\" href=\"https:\/\/learningnorth.com\/de\/cdcd8c4f-1f70-4189-8918-02d90e78acb4\/\" \/>\n<meta property=\"og:locale\" content=\"de_DE\" \/>\n<meta property=\"og:type\" content=\"article\" \/>\n<meta property=\"og:title\" content=\"Vaga de Auxiliar de Servi\u00e7os Gerais \u2014 Sal\u00e1rio, CLT e Benef\u00edcios em Destaque - Learning North\" \/>\n<meta property=\"og:description\" content=\"Veja os detalhes da vaga de Auxiliar de Servi\u00e7os Gerais: contrata\u00e7\u00e3o CLT, benef\u00edcios, jornada fixa e requisitos. Descubra se esta oportunidade combina com seu perfil profissional!\" \/>\n<meta property=\"og:url\" content=\"https:\/\/learningnorth.com\/de\/cdcd8c4f-1f70-4189-8918-02d90e78acb4\/\" \/>\n<meta property=\"og:site_name\" content=\"Learning North\" \/>\n<meta property=\"article:published_time\" content=\"2025-11-19T22:38:00+00:00\" \/>\n<meta property=\"article:modified_time\" content=\"2025-11-19T22:38:59+00:00\" \/>\n<meta name=\"author\" content=\"Bruno Gianni\" \/>\n<meta name=\"twitter:card\" content=\"summary_large_image\" \/>\n<meta name=\"twitter:label1\" content=\"Written by\" \/>\n\t<meta name=\"twitter:data1\" content=\"Bruno Gianni\" \/>\n\t<meta name=\"twitter:label2\" content=\"Est. reading time\" \/>\n\t<meta name=\"twitter:data2\" content=\"3 Minuten\" \/>\n<script type=\"application\/ld+json\" class=\"yoast-schema-graph\">{\"@context\":\"https:\/\/schema.org\",\"@graph\":[{\"@type\":\"WebPage\",\"@id\":\"https:\/\/learningnorth.com\/cdcd8c4f-1f70-4189-8918-02d90e78acb4\/\",\"url\":\"https:\/\/learningnorth.com\/cdcd8c4f-1f70-4189-8918-02d90e78acb4\/\",\"name\":\"Vaga de Auxiliar de Servi\u00e7os Gerais \u2014 Sal\u00e1rio, CLT e Benef\u00edcios em Destaque - Learning North\",\"isPartOf\":{\"@id\":\"https:\/\/learningnorth.com\/#website\"},\"datePublished\":\"2025-11-19T22:38:00+00:00\",\"dateModified\":\"2025-11-19T22:38:59+00:00\",\"author\":{\"@id\":\"https:\/\/learningnorth.com\/#\/schema\/person\/d52888235fd6563bd07d97185d6a61e4\"},\"breadcrumb\":{\"@id\":\"https:\/\/learningnorth.com\/cdcd8c4f-1f70-4189-8918-02d90e78acb4\/#breadcrumb\"},\"inLanguage\":\"de-DE\",\"potentialAction\":[{\"@type\":\"ReadAction\",\"target\":[\"https:\/\/learningnorth.com\/cdcd8c4f-1f70-4189-8918-02d90e78acb4\/\"]}]},{\"@type\":\"BreadcrumbList\",\"@id\":\"https:\/\/learningnorth.com\/cdcd8c4f-1f70-4189-8918-02d90e78acb4\/#breadcrumb\",\"itemListElement\":[{\"@type\":\"ListItem\",\"position\":1,\"name\":\"Home\",\"item\":\"https:\/\/learningnorth.com\/\"},{\"@type\":\"ListItem\",\"position\":2,\"name\":\"Vaga de Auxiliar de Servi\u00e7os Gerais \u2014 Sal\u00e1rio, CLT e Benef\u00edcios em Destaque\"}]},{\"@type\":\"WebSite\",\"@id\":\"https:\/\/learningnorth.com\/#website\",\"url\":\"https:\/\/learningnorth.com\/\",\"name\":\"Learning North\",\"description\":\"\",\"potentialAction\":[{\"@type\":\"SearchAction\",\"target\":{\"@type\":\"EntryPoint\",\"urlTemplate\":\"https:\/\/learningnorth.com\/?s={search_term_string}\"},\"query-input\":\"required name=search_term_string\"}],\"inLanguage\":\"de-DE\"},{\"@type\":\"Person\",\"@id\":\"https:\/\/learningnorth.com\/#\/schema\/person\/d52888235fd6563bd07d97185d6a61e4\",\"name\":\"Bruno Gianni\",\"image\":{\"@type\":\"ImageObject\",\"inLanguage\":\"de-DE\",\"@id\":\"https:\/\/learningnorth.com\/#\/schema\/person\/image\/\",\"url\":\"https:\/\/secure.gravatar.com\/avatar\/0f5d42d7bf77874643c1478932860e3f?s=96&d=mm&r=g\",\"contentUrl\":\"https:\/\/secure.gravatar.com\/avatar\/0f5d42d7bf77874643c1478932860e3f?s=96&d=mm&r=g\",\"caption\":\"Bruno Gianni\"},\"description\":\"Bruno writes the way he lives, with curiosity, care, and respect for people. He likes to observe, listen, and try to understand what is happening on the other side before putting any words on the page.For him, writing is not about impressing, but about getting closer. It is about turning thoughts into something simple, clear, and real. Every text is an ongoing conversation, created with care and honesty, with the sincere intention of touching someone, somewhere along the way.\",\"url\":\"https:\/\/learningnorth.com\/de\/author\/bcgianni\/\"}]}<\/script>\n<!-- \/ Yoast SEO plugin. -->","yoast_head_json":{"title":"Vaga de Auxiliar de Servi\u00e7os Gerais \u2014 Sal\u00e1rio, CLT e Benef\u00edcios em Destaque - Learning North","robots":{"index":"index","follow":"follow","max-snippet":"max-snippet:-1","max-image-preview":"max-image-preview:large","max-video-preview":"max-video-preview:-1"},"canonical":"https:\/\/learningnorth.com\/de\/cdcd8c4f-1f70-4189-8918-02d90e78acb4\/","og_locale":"de_DE","og_type":"article","og_title":"Vaga de Auxiliar de Servi\u00e7os Gerais \u2014 Sal\u00e1rio, CLT e Benef\u00edcios em Destaque - Learning North","og_description":"Veja os detalhes da vaga de Auxiliar de Servi\u00e7os Gerais: contrata\u00e7\u00e3o CLT, benef\u00edcios, jornada fixa e requisitos. Descubra se esta oportunidade combina com seu perfil profissional!","og_url":"https:\/\/learningnorth.com\/de\/cdcd8c4f-1f70-4189-8918-02d90e78acb4\/","og_site_name":"Learning North","article_published_time":"2025-11-19T22:38:00+00:00","article_modified_time":"2025-11-19T22:38:59+00:00","author":"Bruno Gianni","twitter_card":"summary_large_image","twitter_misc":{"Written by":"Bruno Gianni","Est. reading time":"3 Minuten"},"schema":{"@context":"https:\/\/schema.org","@graph":[{"@type":"WebPage","@id":"https:\/\/learningnorth.com\/cdcd8c4f-1f70-4189-8918-02d90e78acb4\/","url":"https:\/\/learningnorth.com\/cdcd8c4f-1f70-4189-8918-02d90e78acb4\/","name":"Vaga de Auxiliar de Servi\u00e7os Gerais \u2014 Sal\u00e1rio, CLT e Benef\u00edcios em Destaque - Learning North","isPartOf":{"@id":"https:\/\/learningnorth.com\/#website"},"datePublished":"2025-11-19T22:38:00+00:00","dateModified":"2025-11-19T22:38:59+00:00","author":{"@id":"https:\/\/learningnorth.com\/#\/schema\/person\/d52888235fd6563bd07d97185d6a61e4"},"breadcrumb":{"@id":"https:\/\/learningnorth.com\/cdcd8c4f-1f70-4189-8918-02d90e78acb4\/#breadcrumb"},"inLanguage":"de-DE","potentialAction":[{"@type":"ReadAction","target":["https:\/\/learningnorth.com\/cdcd8c4f-1f70-4189-8918-02d90e78acb4\/"]}]},{"@type":"BreadcrumbList","@id":"https:\/\/learningnorth.com\/cdcd8c4f-1f70-4189-8918-02d90e78acb4\/#breadcrumb","itemListElement":[{"@type":"ListItem","position":1,"name":"Home","item":"https:\/\/learningnorth.com\/"},{"@type":"ListItem","position":2,"name":"Vaga de Auxiliar de Servi\u00e7os Gerais \u2014 Sal\u00e1rio, CLT e Benef\u00edcios em Destaque"}]},{"@type":"WebSite","@id":"https:\/\/learningnorth.com\/#website","url":"https:\/\/learningnorth.com\/","name":"Learning North","description":"","potentialAction":[{"@type":"SearchAction","target":{"@type":"EntryPoint","urlTemplate":"https:\/\/learningnorth.com\/?s={search_term_string}"},"query-input":"required name=search_term_string"}],"inLanguage":"de-DE"},{"@type":"Person","@id":"https:\/\/learningnorth.com\/#\/schema\/person\/d52888235fd6563bd07d97185d6a61e4","name":"Bruno Gianni","image":{"@type":"ImageObject","inLanguage":"de-DE","@id":"https:\/\/learningnorth.com\/#\/schema\/person\/image\/","url":"https:\/\/secure.gravatar.com\/avatar\/0f5d42d7bf77874643c1478932860e3f?s=96&d=mm&r=g","contentUrl":"https:\/\/secure.gravatar.com\/avatar\/0f5d42d7bf77874643c1478932860e3f?s=96&d=mm&r=g","caption":"Bruno Gianni"},"description":"Bruno writes the way he lives, with curiosity, care, and respect for people. He likes to observe, listen, and try to understand what is happening on the other side before putting any words on the page.For him, writing is not about impressing, but about getting closer. It is about turning thoughts into something simple, clear, and real. Every text is an ongoing conversation, created with care and honesty, with the sincere intention of touching someone, somewhere along the way.","url":"https:\/\/learningnorth.com\/de\/author\/bcgianni\/"}]}},"_links":{"self":[{"href":"https:\/\/learningnorth.com\/de\/wp-json\/wp\/v2\/posts\/2807"}],"collection":[{"href":"https:\/\/learningnorth.com\/de\/wp-json\/wp\/v2\/posts"}],"about":[{"href":"https:\/\/learningnorth.com\/de\/wp-json\/wp\/v2\/types\/post"}],"author":[{"embeddable":true,"href":"https:\/\/learningnorth.com\/de\/wp-json\/wp\/v2\/users\/3"}],"replies":[{"embeddable":true,"href":"https:\/\/learningnorth.com\/de\/wp-json\/wp\/v2\/comments?post=2807"}],"version-history":[{"count":1,"href":"https:\/\/learningnorth.com\/de\/wp-json\/wp\/v2\/posts\/2807\/revisions"}],"predecessor-version":[{"id":2814,"href":"https:\/\/learningnorth.com\/de\/wp-json\/wp\/v2\/posts\/2807\/revisions\/2814"}],"wp:attachment":[{"href":"https:\/\/learningnorth.com\/de\/wp-json\/wp\/v2\/media?parent=2807"}],"wp:term":[{"taxonomy":"category","embeddable":true,"href":"https:\/\/learningnorth.com\/de\/wp-json\/wp\/v2\/categories?post=2807"},{"taxonomy":"post_tag","embeddable":true,"href":"https:\/\/learningnorth.com\/de\/wp-json\/wp\/v2\/tags?post=2807"}],"curies":[{"name":"wp","href":"https:\/\/api.w.org\/{rel}","templated":true}]}}